{"id":402,"date":"2017-06-08T17:10:27","date_gmt":"2017-06-08T17:10:27","guid":{"rendered":"http:\/\/schuetzen.schierhorn-nordheide.de\/?p=402"},"modified":"2020-03-20T14:09:37","modified_gmt":"2020-03-20T14:09:37","slug":"festfolge-unseres-schuetzenfest-2017-vom-23-26-juni","status":"publish","type":"post","link":"http:\/\/schuetzen.schierhorn-nordheide.de\/?p=402","title":{"rendered":"Festfolge unseres Sch\u00fctzenfest 2017 vom 23. &#8211; 26. Juni"},"content":{"rendered":"<h4>Es ist endlich wieder soweit, unser Sch\u00fctzenfest ist uns dicht auf den Fersen! Damit sich jeder ausf\u00fchrlich darauf vorbereiten kann, haben wir hier unsere Festfolge f\u00fcr euch!<\/h4>\n<h4 style=\"text-align: left;\"><a href=\"http:\/\/schuetzen.schierhorn-nordheide.de\/wp-content\/uploads\/2017\/06\/Programm-Sch\u00fctzenfest-20171.jpg\"><img loading=\"lazy\" decoding=\"async\" class=\"alignnone wp-image-404 aligncenter\" src=\"http:\/\/schuetzen.schierhorn-nordheide.de\/wp-content\/uploads\/2017\/06\/Programm-Sch\u00fctzenfest-20171-215x300.jpg\" alt=\"\" width=\"407\" height=\"568\" srcset=\"http:\/\/schuetzen.schierhorn-nordheide.de\/wp-content\/uploads\/2017\/06\/Programm-Sch\u00fctzenfest-20171-215x300.jpg 215w, http:\/\/schuetzen.schierhorn-nordheide.de\/wp-content\/uploads\/2017\/06\/Programm-Sch\u00fctzenfest-20171.jpg 542w\" sizes=\"auto, (max-width: 407px) 100vw, 407px\" \/><\/a><\/h4>\n<p style=\"text-align: center;\"><a href=\"http:\/\/schuetzen.schierhorn-nordheide.de\/wp-content\/uploads\/2017\/06\/Programm-Sch\u00fctzenfest-20171.jpg\">Freitag, 23.06.2017<br \/>\n19:00 Uhr Antreten am Sch\u00fctzenhus<br \/>\nBef\u00f6rderungen, Verpflichtung der Neueintritte<br \/>\nMarsch zur Feier am Ehrenmal,<br \/>\nanschl. Kommers seiner Majest\u00e4t Mathias Cohrs auf dem <\/a><a href=\"http:\/\/schuetzen.schierhorn-nordheide.de\/wp-content\/uploads\/2017\/06\/Programm-Sch\u00fctzenfest-20171.jpg\">Hof Cohrs,<br \/>\nThelstorf 31<\/a><\/p>\n<p style=\"text-align: center;\"><a href=\"http:\/\/schuetzen.schierhorn-nordheide.de\/wp-content\/uploads\/2017\/06\/Programm-Sch\u00fctzenfest-20171.jpg\"><br \/>\nSonnabend, 24.06.2017<br \/>\n12:00 Uhr &nbsp; &nbsp;RODIZIO \u2013 Spezialit\u00e4ten vom Spiess im Sch\u00fctzenhus<br \/>\nAuch Nicht-Sch\u00fctzen und Anwohner sind sehr herzlich willkommen !<br \/>\nDer Unkostenbeitrag bel\u00e4uft sich auf 19,50 \u20ac pro Person, f\u00fcr Kinder bis 12<br \/>\nJahre 9,50 \u20ac. Wir bitten um eure verbindliche Anmeldung bis zum 20.06.2017,<br \/>\nentweder telefonisch bei Thorsten Henck (Tel. 04187-609855)<br \/>\noder durch Eintragen in die im Sch\u00fctzenhus ausliegende Liste<br \/>\n14:00 &#8211; 18:00 Uhr &nbsp; &nbsp;Schie\u00dfen (Preis-, Damen-, Bundesordenschie\u00dfen),<br \/>\nSchie\u00dfen des Spielmannszuges sowie Schie\u00dfen der G\u00e4ste<br \/>\n15:00 Uhr Abholen der Kinder vom Feuerwehr-Ger\u00e4tehaus zur Kinderbelustigung<br \/>\nKaffee und Kuchen im Sch\u00fctzenhus<br \/>\n17:00 Uhr Proklamation der Kinderk\u00f6nige<br \/>\nab 20:00 Uhr Disco f\u00fcr Alle mit DJ Heiner Eintritt frei.<br \/>\n21:00 &#8211; 22:00 Uhr HAPPY HOUR: Cola-Korn und Bier f\u00fcr nur 1,- \u20ac<\/a><\/p>\n<p style=\"text-align: center;\"><a href=\"http:\/\/schuetzen.schierhorn-nordheide.de\/wp-content\/uploads\/2017\/06\/Programm-Sch\u00fctzenfest-20171.jpg\"><br \/>\nSonntag, 25.06.2017<br \/>\n6:00 Uhr Wecken durch den Spielmannszug<br \/>\n13:00 Uhr Antreten am Sch\u00fctzenhus<br \/>\nUmmarsch durch den festlich geschm\u00fcckten Ort<br \/>\n(mit Scheibenverkauf f\u00fcr den Ausmarschorden)<br \/>\nab 14:00 Uhr Vogelschie\u00dfen der Sch\u00fctzen<br \/>\nPreis- und Bundesordenschie\u00dfen sowie Schie\u00dfen der G\u00e4ste<br \/>\n17:30 Uhr Preisverleihung f\u00fcr Teilnehmer am G\u00e4steschie\u00dfen<\/a><\/p>\n<p style=\"text-align: center;\"><a href=\"http:\/\/schuetzen.schierhorn-nordheide.de\/wp-content\/uploads\/2017\/06\/Programm-Sch\u00fctzenfest-20171.jpg\"><br \/>\nMontag, 26.06.2017<br \/>\n13:00 &#8211; 14:00 Uhr Schie\u00dfen auf Ehrenscheiben<br \/>\n13:00 &#8211; 16:00 Uhr Bundesorden-, Preis-, und K\u00f6nigsordenschie\u00dfen<br \/>\nab 14:00 Uhr Der Festplatz ist er\u00f6ffnet<br \/>\nca.19:00 Uhr Proklamation des Sch\u00fctzen- und Jungsch\u00fctzenk\u00f6nigs<br \/>\nab 20:00 Uhr Tanz und Musik &nbsp; &nbsp; Eintritt frei.n am Sch\u00fctzenhus<\/a><\/p>\n<p>&nbsp;<\/p>\n<p style=\"text-align: center;\"><a href=\"http:\/\/schuetzen.schierhorn-nordheide.de\/wp-content\/uploads\/2017\/06\/Programm-Sch\u00fctzenfest-20171.jpg\"><br \/>\n<\/a><\/p>\n","protected":false},"excerpt":{"rendered":"<p>Es ist endlich wieder soweit, unser Sch\u00fctzenfest ist uns dicht auf den Fersen! Damit sich jeder ausf\u00fchrlich darauf vorbereiten kann, haben wir hier unsere Festfolge <a class=\"more-link\" href=\"http:\/\/schuetzen.schierhorn-nordheide.de\/?p=402\">weiterlesen&#8230;<\/a><\/p>\n","protected":false},"author":1,"featured_media":0,"comment_status":"closed","ping_status":"closed","sticky":false,"template":"","format":"standard","meta":{"footnotes":""},"categories":[1],"tags":[],"class_list":["post-402","post","type-post","status-publish","format-standard","hentry","category-allgemein"],"_links":{"self":[{"href":"http:\/\/schuetzen.schierhorn-nordheide.de\/index.php?rest_route=\/wp\/v2\/posts\/402","targetHints":{"allow":["GET"]}}],"collection":[{"href":"http:\/\/schuetzen.schierhorn-nordheide.de\/index.php?rest_route=\/wp\/v2\/posts"}],"about":[{"href":"http:\/\/schuetzen.schierhorn-nordheide.de\/index.php?rest_route=\/wp\/v2\/types\/post"}],"author":[{"embeddable":true,"href":"http:\/\/schuetzen.schierhorn-nordheide.de\/index.php?rest_route=\/wp\/v2\/users\/1"}],"replies":[{"embeddable":true,"href":"http:\/\/schuetzen.schierhorn-nordheide.de\/index.php?rest_route=%2Fwp%2Fv2%2Fcomments&post=402"}],"version-history":[{"count":9,"href":"http:\/\/schuetzen.schierhorn-nordheide.de\/index.php?rest_route=\/wp\/v2\/posts\/402\/revisions"}],"predecessor-version":[{"id":1096,"href":"http:\/\/schuetzen.schierhorn-nordheide.de\/index.php?rest_route=\/wp\/v2\/posts\/402\/revisions\/1096"}],"wp:attachment":[{"href":"http:\/\/schuetzen.schierhorn-nordheide.de\/index.php?rest_route=%2Fwp%2Fv2%2Fmedia&parent=402"}],"wp:term":[{"taxonomy":"category","embeddable":true,"href":"http:\/\/schuetzen.schierhorn-nordheide.de\/index.php?rest_route=%2Fwp%2Fv2%2Fcategories&post=402"},{"taxonomy":"post_tag","embeddable":true,"href":"http:\/\/schuetzen.schierhorn-nordheide.de\/index.php?rest_route=%2Fwp%2Fv2%2Ftags&post=402"}],"curies":[{"name":"wp","href":"https:\/\/api.w.org\/{rel}","templated":true}]}}