{"id":219,"date":"2017-04-30T12:08:05","date_gmt":"2017-04-30T12:08:05","guid":{"rendered":"http:\/\/schuetzen.schierhorn-nordheide.de\/?p=219"},"modified":"2020-03-20T14:11:57","modified_gmt":"2020-03-20T14:11:57","slug":"anschiessen-2017","status":"publish","type":"post","link":"http:\/\/schuetzen.schierhorn-nordheide.de\/?p=219","title":{"rendered":"Anschie\u00dfen 2017"},"content":{"rendered":"<p>Am 01.04.2017 fand unser allj\u00e4hrliches Anschie\u00dfen statt. Wie jedes Jahr erfreut sich diese Veranstaltung gro\u00dfer beliebtheit, sodass wir viele Sch\u00fctzinnen und Sch\u00fctzen begr\u00fc\u00dfen durften.<\/p>\n<p>Unsere Damenk\u00f6nigin 2016\/2017 Tatjana Borowi musste schweren Herzens ihren Titel abgeben und die Krone an ihre Nachfolgerin abgeben. Zuvor hatte Tatjana, zusammen mit ihren Adjutantinnen, zum Mittagessen ins Feuerwehrhaus eingeladen. Dieser Einladung sind viele Sch\u00fctzenschwestern und die Damen aus dem Spielmannszug gefolgt. Es gab leckere Suppe und den einen oder anderen Hugo, sodass der ernannte &#8222;Frauentag&#8220;, feucht fr\u00f6hlich eingel\u00e4utet wurde.<\/p>\n<p>Insgesamt herrschte super Stimmung und die gesamte Sch\u00fctzengemeinde war voller Tatendrang und schoss sehr lei\u00dfig!<\/p>\n<p>Hier nun die Ergebnisse und fotografische Eindr\u00fccke dieser gelungenen Veranstaltung:<\/p>\n<p><a href=\"http:\/\/schuetzen.schierhorn-nordheide.de\/wp-content\/uploads\/2017\/04\/20170401_183221.jpg\"><img loading=\"lazy\" decoding=\"async\" class=\"alignnone wp-image-234\" src=\"http:\/\/schuetzen.schierhorn-nordheide.de\/wp-content\/uploads\/2017\/04\/20170401_183221-300x169.jpg\" alt=\"\" width=\"381\" height=\"215\" srcset=\"http:\/\/schuetzen.schierhorn-nordheide.de\/wp-content\/uploads\/2017\/04\/20170401_183221-300x169.jpg 300w, http:\/\/schuetzen.schierhorn-nordheide.de\/wp-content\/uploads\/2017\/04\/20170401_183221-768x432.jpg 768w, http:\/\/schuetzen.schierhorn-nordheide.de\/wp-content\/uploads\/2017\/04\/20170401_183221-1024x576.jpg 1024w\" sizes=\"auto, (max-width: 381px) 100vw, 381px\" \/><\/a><\/p>\n<p>Tatjana Borowi, und ihre Adjutantinnen Claudia und Julia bei der Abdankung. Wir danken euch f\u00fcr das tolle Jahr!<\/p>\n<p><a href=\"http:\/\/schuetzen.schierhorn-nordheide.de\/wp-content\/uploads\/2017\/04\/20170401_190352-Kopie-Kopie.jpg\"><img loading=\"lazy\" decoding=\"async\" class=\"alignnone wp-image-279\" src=\"http:\/\/schuetzen.schierhorn-nordheide.de\/wp-content\/uploads\/2017\/04\/20170401_190352-Kopie-Kopie-300x169.jpg\" alt=\"\" width=\"378\" height=\"213\" srcset=\"http:\/\/schuetzen.schierhorn-nordheide.de\/wp-content\/uploads\/2017\/04\/20170401_190352-Kopie-Kopie-300x169.jpg 300w, http:\/\/schuetzen.schierhorn-nordheide.de\/wp-content\/uploads\/2017\/04\/20170401_190352-Kopie-Kopie-768x432.jpg 768w, http:\/\/schuetzen.schierhorn-nordheide.de\/wp-content\/uploads\/2017\/04\/20170401_190352-Kopie-Kopie-1024x576.jpg 1024w\" sizes=\"auto, (max-width: 378px) 100vw, 378px\" \/><\/a><\/p>\n<p>Im Kampf um die K\u00f6nigskette der Damen konnte sich dieses Jahr, genau 20 Jahre nach dem letzten Titel, Sabine Gehrigk durchsetzen und wir duften sie zur neuen Damenk\u00f6nigin 2017\/2018 proklamieren. Ihre Adjutatinnen sind Birgit Henk und Andrea Schwertfeger. Wir w\u00fcnschen euch ein sch\u00f6nes K\u00f6nigsjahr und viele fr\u00f6hliche Abende und Tage auf den K\u00f6nigsb\u00e4llen und Sch\u00fctzenfesten.<\/p>\n<p><a href=\"http:\/\/schuetzen.schierhorn-nordheide.de\/wp-content\/uploads\/2017\/04\/20170401_183644.jpg\"><img loading=\"lazy\" decoding=\"async\" class=\"alignnone wp-image-241\" src=\"http:\/\/schuetzen.schierhorn-nordheide.de\/wp-content\/uploads\/2017\/04\/20170401_183644-300x169.jpg\" alt=\"\" width=\"376\" height=\"212\" srcset=\"http:\/\/schuetzen.schierhorn-nordheide.de\/wp-content\/uploads\/2017\/04\/20170401_183644-300x169.jpg 300w, http:\/\/schuetzen.schierhorn-nordheide.de\/wp-content\/uploads\/2017\/04\/20170401_183644-768x432.jpg 768w, http:\/\/schuetzen.schierhorn-nordheide.de\/wp-content\/uploads\/2017\/04\/20170401_183644-1024x576.jpg 1024w\" sizes=\"auto, (max-width: 376px) 100vw, 376px\" \/><\/a><\/p>\n<p><strong>Beim Vogelschie\u00dfen der Damen konnten folgende Ergebnisse erzielt werden:<\/strong><\/p>\n<p>Kopf: Sabine Gehrigk<\/p>\n<p>Schwanz: Andrea Schwertfeger<\/p>\n<p>linker Fl\u00fcgel: Julia Scaturro<\/p>\n<p>rechter Fl\u00fcgel: Janine Rochow<\/p>\n<p>Rumpf: Sabine Gehrigk<\/p>\n<p>Die Ehrenscheibe der Damenk\u00f6nigin schoss in diesem Jahr Sebastian Fehling.<\/p>\n<p>&nbsp;<\/p>\n<p><a href=\"http:\/\/schuetzen.schierhorn-nordheide.de\/wp-content\/uploads\/2017\/04\/20170401_183100.jpg\"><img loading=\"lazy\" decoding=\"async\" class=\"alignnone wp-image-228\" src=\"http:\/\/schuetzen.schierhorn-nordheide.de\/wp-content\/uploads\/2017\/04\/20170401_183100-300x169.jpg\" alt=\"\" width=\"378\" height=\"213\" srcset=\"http:\/\/schuetzen.schierhorn-nordheide.de\/wp-content\/uploads\/2017\/04\/20170401_183100-300x169.jpg 300w, http:\/\/schuetzen.schierhorn-nordheide.de\/wp-content\/uploads\/2017\/04\/20170401_183100-768x432.jpg 768w, http:\/\/schuetzen.schierhorn-nordheide.de\/wp-content\/uploads\/2017\/04\/20170401_183100-1024x576.jpg 1024w\" sizes=\"auto, (max-width: 378px) 100vw, 378px\" \/><\/a><\/p>\n<p>Beim Preisschie\u00dfen KK konnten wir dieses Jahr folgende Sch\u00fctzen proklamieren (Platz 1-7 aufw\u00e4rts, Bild rechts nach links):<\/p>\n<p><strong>Christian Baasch (Teiler 49), Kersten Podewitz (Teiler 84), Herbert Blecken (Teiler 143), Andreas Danat (Teiler 214), Klaus-Dieter Henk (Teiler 233), Ulf Harms (Teiler 235) und Helmut Schmeling (Teiler 387<\/strong>).<\/p>\n<p>&nbsp;<\/p>\n<p><a href=\"http:\/\/schuetzen.schierhorn-nordheide.de\/wp-content\/uploads\/2017\/04\/20170401_182824.jpg\"><img loading=\"lazy\" decoding=\"async\" class=\"alignnone wp-image-225\" src=\"http:\/\/schuetzen.schierhorn-nordheide.de\/wp-content\/uploads\/2017\/04\/20170401_182824-300x169.jpg\" alt=\"\" width=\"380\" height=\"214\" srcset=\"http:\/\/schuetzen.schierhorn-nordheide.de\/wp-content\/uploads\/2017\/04\/20170401_182824-300x169.jpg 300w, http:\/\/schuetzen.schierhorn-nordheide.de\/wp-content\/uploads\/2017\/04\/20170401_182824-768x432.jpg 768w, http:\/\/schuetzen.schierhorn-nordheide.de\/wp-content\/uploads\/2017\/04\/20170401_182824-1024x576.jpg 1024w\" sizes=\"auto, (max-width: 380px) 100vw, 380px\" \/><\/a><\/p>\n<p>Bei der Jugend konnten wir dieses Jahr beim Preisschie\u00dfen Luftgewehr folgende Jungsch\u00fctzen proklamieren (Platz 1-8 aufw\u00e4rts, Bild links nach rechts):<\/p>\n<p><strong>Lea Harms, Fenja Danat, Leon Emme, Jannis Sarrach, Sean-Paul Binder, Cheyenne Cartwright, Anna Cohrs und Christoph R\u00f6hrs<\/strong><\/p>\n<p>Herzlichen Gl\u00fcckwunsch!<\/p>\n<p><a href=\"http:\/\/schuetzen.schierhorn-nordheide.de\/wp-content\/uploads\/2017\/04\/Mettwurstk\u00f6nig-2016-2017-J\u00f6rg-Schwertfeger.png\"><img loading=\"lazy\" decoding=\"async\" class=\"alignnone size-medium wp-image-294\" src=\"http:\/\/schuetzen.schierhorn-nordheide.de\/wp-content\/uploads\/2017\/04\/Mettwurstk\u00f6nig-2016-2017-J\u00f6rg-Schwertfeger-265x300.png\" alt=\"\" width=\"265\" height=\"300\" srcset=\"http:\/\/schuetzen.schierhorn-nordheide.de\/wp-content\/uploads\/2017\/04\/Mettwurstk\u00f6nig-2016-2017-J\u00f6rg-Schwertfeger-265x300.png 265w, http:\/\/schuetzen.schierhorn-nordheide.de\/wp-content\/uploads\/2017\/04\/Mettwurstk\u00f6nig-2016-2017-J\u00f6rg-Schwertfeger.png 396w\" sizes=\"auto, (max-width: 265px) 100vw, 265px\" \/><\/a><a href=\"http:\/\/schuetzen.schierhorn-nordheide.de\/wp-content\/uploads\/2017\/04\/Mettwurstk\u00f6nig-2017-2018-Fabian-Schmeling.png\"><img loading=\"lazy\" decoding=\"async\" class=\"alignnone size-medium wp-image-295\" src=\"http:\/\/schuetzen.schierhorn-nordheide.de\/wp-content\/uploads\/2017\/04\/Mettwurstk\u00f6nig-2017-2018-Fabian-Schmeling-139x300.png\" alt=\"\" width=\"139\" height=\"300\" srcset=\"http:\/\/schuetzen.schierhorn-nordheide.de\/wp-content\/uploads\/2017\/04\/Mettwurstk\u00f6nig-2017-2018-Fabian-Schmeling-139x300.png 139w, http:\/\/schuetzen.schierhorn-nordheide.de\/wp-content\/uploads\/2017\/04\/Mettwurstk\u00f6nig-2017-2018-Fabian-Schmeling.png 226w\" sizes=\"auto, (max-width: 139px) 100vw, 139px\" \/><\/a><\/p>\n<p>Dieses Jahr wurde auch wieder unser Mettwurstk\u00f6nig neu ausgeschossen. Unser Mettwurstk\u00f6nig 2016\/2017 J\u00f6rg Schwertfeger musste seine Kette wieder abgeben und durfte diese an seinen Nachfolger, unseren Mettwurstk\u00f6nig 2017\/2018 Fabian Schmeling, weiterreichen. Die anschlie\u00dfende Verteilung der echten Mettwurst schmeckte uns allen wieder k\u00f6stlich. Vielen Dank Fabian und ein sch\u00f6nes Mettwurstjahr!<\/p>\n<p>&nbsp;<\/p>\n<p>Wir danken euch allen f\u00fcr das gelungene Anschie\u00dfen und freuen uns auf die kommende Monate der aktuellen Schie\u00dfsaison.<\/p>\n<p>&nbsp;<\/p>\n<p>&nbsp;<\/p>\n<p>&nbsp;<\/p>\n<p>&nbsp;<\/p>\n<p>&nbsp;<\/p>\n<p>&nbsp;<\/p>\n<p>&nbsp;<\/p>\n<p>&nbsp;<\/p>\n<p>&nbsp;<\/p>\n<p>&nbsp;<\/p>\n<p>&nbsp;<\/p>\n<p>&nbsp;<\/p>\n<p>&nbsp;<\/p>\n","protected":false},"excerpt":{"rendered":"<p>Am 01.04.2017 fand unser allj\u00e4hrliches Anschie\u00dfen statt. Wie jedes Jahr erfreut sich diese Veranstaltung gro\u00dfer beliebtheit, sodass wir viele Sch\u00fctzinnen und Sch\u00fctzen begr\u00fc\u00dfen durften. Unsere <a class=\"more-link\" href=\"http:\/\/schuetzen.schierhorn-nordheide.de\/?p=219\">weiterlesen&#8230;<\/a><\/p>\n","protected":false},"author":1,"featured_media":282,"comment_status":"closed","ping_status":"closed","sticky":false,"template":"","format":"gallery","meta":{"footnotes":""},"categories":[1],"tags":[],"class_list":["post-219","post","type-post","status-publish","format-gallery","has-post-thumbnail","hentry","category-allgemein","post_format-post-format-gallery"],"_links":{"self":[{"href":"http:\/\/schuetzen.schierhorn-nordheide.de\/index.php?rest_route=\/wp\/v2\/posts\/219","targetHints":{"allow":["GET"]}}],"collection":[{"href":"http:\/\/schuetzen.schierhorn-nordheide.de\/index.php?rest_route=\/wp\/v2\/posts"}],"about":[{"href":"http:\/\/schuetzen.schierhorn-nordheide.de\/index.php?rest_route=\/wp\/v2\/types\/post"}],"author":[{"embeddable":true,"href":"http:\/\/schuetzen.schierhorn-nordheide.de\/index.php?rest_route=\/wp\/v2\/users\/1"}],"replies":[{"embeddable":true,"href":"http:\/\/schuetzen.schierhorn-nordheide.de\/index.php?rest_route=%2Fwp%2Fv2%2Fcomments&post=219"}],"version-history":[{"count":8,"href":"http:\/\/schuetzen.schierhorn-nordheide.de\/index.php?rest_route=\/wp\/v2\/posts\/219\/revisions"}],"predecessor-version":[{"id":1103,"href":"http:\/\/schuetzen.schierhorn-nordheide.de\/index.php?rest_route=\/wp\/v2\/posts\/219\/revisions\/1103"}],"wp:featuredmedia":[{"embeddable":true,"href":"http:\/\/schuetzen.schierhorn-nordheide.de\/index.php?rest_route=\/wp\/v2\/media\/282"}],"wp:attachment":[{"href":"http:\/\/schuetzen.schierhorn-nordheide.de\/index.php?rest_route=%2Fwp%2Fv2%2Fmedia&parent=219"}],"wp:term":[{"taxonomy":"category","embeddable":true,"href":"http:\/\/schuetzen.schierhorn-nordheide.de\/index.php?rest_route=%2Fwp%2Fv2%2Fcategories&post=219"},{"taxonomy":"post_tag","embeddable":true,"href":"http:\/\/schuetzen.schierhorn-nordheide.de\/index.php?rest_route=%2Fwp%2Fv2%2Ftags&post=219"}],"curies":[{"name":"wp","href":"https:\/\/api.w.org\/{rel}","templated":true}]}}